{"id":18075,"date":"2024-02-01T09:52:02","date_gmt":"2024-02-01T08:52:02","guid":{"rendered":"https:\/\/fondazioneravasio.it\/museo\/gioppino-e-i-suoi-fratelli-2024-2-2\/"},"modified":"2025-12-24T11:24:51","modified_gmt":"2025-12-24T10:24:51","slug":"natale25","status":"publish","type":"post","link":"https:\/\/fondazioneravasio.it\/museo\/natale25\/","title":{"rendered":"Chiusura natalizia Museo del Burattino"},"content":{"rendered":"<p>\ud83c\udf84 <strong>Buon Natale e Buone Feste<\/strong> \ud83c\udf84<\/p>\n<p>La Fondazione Ravasio \u2013 Museo del Burattino augura a tutti voi un sereno Natale e felici Feste \u2764\ufe0f<\/p>\n<p><strong>Il Museo rester\u00e0 chiuso dal 25 dicembre e riaprir\u00e0 venerd\u00ec 9 gennaio con i consueti orari.<\/strong><\/p>\n<p>Vi aspettiamo nel nuovo anno \ud83e\udd42per continuare a condividere storie, burattini e teatro di figura.<\/p>\n","protected":false},"excerpt":{"rendered":"<p>\ud83c\udf84 Buon Natale e Buone Feste \ud83c\udf84 La Fondazione Ravasio \u2013 Museo del Burattino augura a tutti voi un sereno Natale e felici Feste \u2764\ufe0f Il Museo rester\u00e0 chiuso dal 25 dicembre e riaprir\u00e0 venerd\u00ec 9 gennaio con i consueti orari. Vi aspettiamo nel nuovo anno \ud83e\udd42per continuare a condividere storie, burattini e teatro di&#8230;<\/p>\n","protected":false},"author":1,"featured_media":18083,"comment_status":"closed","ping_status":"closed","sticky":false,"template":"","format":"standard","meta":{"footnotes":""},"categories":[44,20],"tags":[],"class_list":["post-18075","post","type-post","status-publish","format-standard","has-post-thumbnail","hentry","category-museo-del-burattino","category-news"],"yoast_head":"<!-- This site is optimized with the Yoast SEO plugin v26.8 - https:\/\/yoast.com\/product\/yoast-seo-wordpress\/ -->\n<title>Chiusura natalizia Museo del Burattino - Museo del Burattino di Bergamo<\/title>\n<meta name=\"robots\" content=\"index, follow, max-snippet:-1, max-image-preview:large, max-video-preview:-1\" \/>\n<link rel=\"canonical\" href=\"https:\/\/fondazioneravasio.it\/museo\/natale25\/\" \/>\n<meta property=\"og:locale\" content=\"it_IT\" \/>\n<meta property=\"og:type\" content=\"article\" \/>\n<meta property=\"og:title\" content=\"Chiusura natalizia Museo del Burattino - Museo del Burattino di Bergamo\" \/>\n<meta property=\"og:description\" content=\"\ud83c\udf84 Buon Natale e Buone Feste \ud83c\udf84 La Fondazione Ravasio \u2013 Museo del Burattino augura a tutti voi un sereno Natale e felici Feste \u2764\ufe0f Il Museo rester\u00e0 chiuso dal 25 dicembre e riaprir\u00e0 venerd\u00ec 9 gennaio con i consueti orari. Vi aspettiamo nel nuovo anno \ud83e\udd42per continuare a condividere storie, burattini e teatro di...\" \/>\n<meta property=\"og:url\" content=\"https:\/\/fondazioneravasio.it\/museo\/natale25\/\" \/>\n<meta property=\"og:site_name\" content=\"Museo del Burattino di Bergamo\" \/>\n<meta property=\"article:published_time\" content=\"2024-02-01T08:52:02+00:00\" \/>\n<meta property=\"article:modified_time\" content=\"2025-12-24T10:24:51+00:00\" \/>\n<meta property=\"og:image\" content=\"https:\/\/fondazioneravasio.it\/museo\/wp-content\/uploads\/sites\/2\/2024\/02\/20251224-chiusura-feste.png\" \/>\n\t<meta property=\"og:image:width\" content=\"1080\" \/>\n\t<meta property=\"og:image:height\" content=\"1350\" \/>\n\t<meta property=\"og:image:type\" content=\"image\/png\" \/>\n<meta name=\"author\" content=\"Fondazione Ravasio\" \/>\n<meta name=\"twitter:card\" content=\"summary_large_image\" \/>\n<meta name=\"twitter:label1\" content=\"Scritto da\" \/>\n\t<meta name=\"twitter:data1\" content=\"Fondazione Ravasio\" \/>\n\t<meta name=\"twitter:label2\" content=\"Tempo di lettura stimato\" \/>\n\t<meta name=\"twitter:data2\" content=\"1 minuto\" \/>\n<script type=\"application\/ld+json\" class=\"yoast-schema-graph\">{\"@context\":\"https:\/\/schema.org\",\"@graph\":[{\"@type\":\"Article\",\"@id\":\"https:\/\/fondazioneravasio.it\/museo\/natale25\/#article\",\"isPartOf\":{\"@id\":\"https:\/\/fondazioneravasio.it\/museo\/natale25\/\"},\"author\":{\"name\":\"Fondazione Ravasio\",\"@id\":\"https:\/\/fondazioneravasio.it\/museo\/#\/schema\/person\/bcf1592ce4c5117702e3131d943ebfbc\"},\"headline\":\"Chiusura natalizia Museo del Burattino\",\"datePublished\":\"2024-02-01T08:52:02+00:00\",\"dateModified\":\"2025-12-24T10:24:51+00:00\",\"mainEntityOfPage\":{\"@id\":\"https:\/\/fondazioneravasio.it\/museo\/natale25\/\"},\"wordCount\":55,\"image\":{\"@id\":\"https:\/\/fondazioneravasio.it\/museo\/natale25\/#primaryimage\"},\"thumbnailUrl\":\"https:\/\/fondazioneravasio.it\/museo\/wp-content\/uploads\/sites\/2\/2024\/02\/20251224-chiusura-feste.png\",\"articleSection\":[\"Museo del Burattino\",\"News\"],\"inLanguage\":\"it-IT\"},{\"@type\":\"WebPage\",\"@id\":\"https:\/\/fondazioneravasio.it\/museo\/natale25\/\",\"url\":\"https:\/\/fondazioneravasio.it\/museo\/natale25\/\",\"name\":\"Chiusura natalizia Museo del Burattino - Museo del Burattino di Bergamo\",\"isPartOf\":{\"@id\":\"https:\/\/fondazioneravasio.it\/museo\/#website\"},\"primaryImageOfPage\":{\"@id\":\"https:\/\/fondazioneravasio.it\/museo\/natale25\/#primaryimage\"},\"image\":{\"@id\":\"https:\/\/fondazioneravasio.it\/museo\/natale25\/#primaryimage\"},\"thumbnailUrl\":\"https:\/\/fondazioneravasio.it\/museo\/wp-content\/uploads\/sites\/2\/2024\/02\/20251224-chiusura-feste.png\",\"datePublished\":\"2024-02-01T08:52:02+00:00\",\"dateModified\":\"2025-12-24T10:24:51+00:00\",\"author\":{\"@id\":\"https:\/\/fondazioneravasio.it\/museo\/#\/schema\/person\/bcf1592ce4c5117702e3131d943ebfbc\"},\"breadcrumb\":{\"@id\":\"https:\/\/fondazioneravasio.it\/museo\/natale25\/#breadcrumb\"},\"inLanguage\":\"it-IT\",\"potentialAction\":[{\"@type\":\"ReadAction\",\"target\":[\"https:\/\/fondazioneravasio.it\/museo\/natale25\/\"]}]},{\"@type\":\"ImageObject\",\"inLanguage\":\"it-IT\",\"@id\":\"https:\/\/fondazioneravasio.it\/museo\/natale25\/#primaryimage\",\"url\":\"https:\/\/fondazioneravasio.it\/museo\/wp-content\/uploads\/sites\/2\/2024\/02\/20251224-chiusura-feste.png\",\"contentUrl\":\"https:\/\/fondazioneravasio.it\/museo\/wp-content\/uploads\/sites\/2\/2024\/02\/20251224-chiusura-feste.png\",\"width\":1080,\"height\":1350},{\"@type\":\"BreadcrumbList\",\"@id\":\"https:\/\/fondazioneravasio.it\/museo\/natale25\/#breadcrumb\",\"itemListElement\":[{\"@type\":\"ListItem\",\"position\":1,\"name\":\"Home\",\"item\":\"https:\/\/fondazioneravasio.it\/museo\/\"},{\"@type\":\"ListItem\",\"position\":2,\"name\":\"Chiusura natalizia Museo del Burattino\"}]},{\"@type\":\"WebSite\",\"@id\":\"https:\/\/fondazioneravasio.it\/museo\/#website\",\"url\":\"https:\/\/fondazioneravasio.it\/museo\/\",\"name\":\"Museo del Burattino di Bergamo\",\"description\":\"Un progetto realizzato grazie a Fondazione Benedetto Ravasio e Provincia di Bergamo\",\"potentialAction\":[{\"@type\":\"SearchAction\",\"target\":{\"@type\":\"EntryPoint\",\"urlTemplate\":\"https:\/\/fondazioneravasio.it\/museo\/?s={search_term_string}\"},\"query-input\":{\"@type\":\"PropertyValueSpecification\",\"valueRequired\":true,\"valueName\":\"search_term_string\"}}],\"inLanguage\":\"it-IT\"},{\"@type\":\"Person\",\"@id\":\"https:\/\/fondazioneravasio.it\/museo\/#\/schema\/person\/bcf1592ce4c5117702e3131d943ebfbc\",\"name\":\"Fondazione Ravasio\",\"image\":{\"@type\":\"ImageObject\",\"inLanguage\":\"it-IT\",\"@id\":\"https:\/\/fondazioneravasio.it\/museo\/#\/schema\/person\/image\/\",\"url\":\"https:\/\/secure.gravatar.com\/avatar\/3abfccdca0585dbc540eb5ae020e5e3c6b9d9ac15dc9f0c1af1824cf2da8fbcd?s=96&d=mm&r=g\",\"contentUrl\":\"https:\/\/secure.gravatar.com\/avatar\/3abfccdca0585dbc540eb5ae020e5e3c6b9d9ac15dc9f0c1af1824cf2da8fbcd?s=96&d=mm&r=g\",\"caption\":\"Fondazione Ravasio\"},\"sameAs\":[\"Benedetto Ravasio\"],\"url\":\"https:\/\/fondazioneravasio.it\/museo\/author\/benedetto-ravasio\/\"}]}<\/script>\n<!-- \/ Yoast SEO plugin. -->","yoast_head_json":{"title":"Chiusura natalizia Museo del Burattino - Museo del Burattino di Bergamo","robots":{"index":"index","follow":"follow","max-snippet":"max-snippet:-1","max-image-preview":"max-image-preview:large","max-video-preview":"max-video-preview:-1"},"canonical":"https:\/\/fondazioneravasio.it\/museo\/natale25\/","og_locale":"it_IT","og_type":"article","og_title":"Chiusura natalizia Museo del Burattino - Museo del Burattino di Bergamo","og_description":"\ud83c\udf84 Buon Natale e Buone Feste \ud83c\udf84 La Fondazione Ravasio \u2013 Museo del Burattino augura a tutti voi un sereno Natale e felici Feste \u2764\ufe0f Il Museo rester\u00e0 chiuso dal 25 dicembre e riaprir\u00e0 venerd\u00ec 9 gennaio con i consueti orari. Vi aspettiamo nel nuovo anno \ud83e\udd42per continuare a condividere storie, burattini e teatro di...","og_url":"https:\/\/fondazioneravasio.it\/museo\/natale25\/","og_site_name":"Museo del Burattino di Bergamo","article_published_time":"2024-02-01T08:52:02+00:00","article_modified_time":"2025-12-24T10:24:51+00:00","og_image":[{"width":1080,"height":1350,"url":"https:\/\/fondazioneravasio.it\/museo\/wp-content\/uploads\/sites\/2\/2024\/02\/20251224-chiusura-feste.png","type":"image\/png"}],"author":"Fondazione Ravasio","twitter_card":"summary_large_image","twitter_misc":{"Scritto da":"Fondazione Ravasio","Tempo di lettura stimato":"1 minuto"},"schema":{"@context":"https:\/\/schema.org","@graph":[{"@type":"Article","@id":"https:\/\/fondazioneravasio.it\/museo\/natale25\/#article","isPartOf":{"@id":"https:\/\/fondazioneravasio.it\/museo\/natale25\/"},"author":{"name":"Fondazione Ravasio","@id":"https:\/\/fondazioneravasio.it\/museo\/#\/schema\/person\/bcf1592ce4c5117702e3131d943ebfbc"},"headline":"Chiusura natalizia Museo del Burattino","datePublished":"2024-02-01T08:52:02+00:00","dateModified":"2025-12-24T10:24:51+00:00","mainEntityOfPage":{"@id":"https:\/\/fondazioneravasio.it\/museo\/natale25\/"},"wordCount":55,"image":{"@id":"https:\/\/fondazioneravasio.it\/museo\/natale25\/#primaryimage"},"thumbnailUrl":"https:\/\/fondazioneravasio.it\/museo\/wp-content\/uploads\/sites\/2\/2024\/02\/20251224-chiusura-feste.png","articleSection":["Museo del Burattino","News"],"inLanguage":"it-IT"},{"@type":"WebPage","@id":"https:\/\/fondazioneravasio.it\/museo\/natale25\/","url":"https:\/\/fondazioneravasio.it\/museo\/natale25\/","name":"Chiusura natalizia Museo del Burattino - Museo del Burattino di Bergamo","isPartOf":{"@id":"https:\/\/fondazioneravasio.it\/museo\/#website"},"primaryImageOfPage":{"@id":"https:\/\/fondazioneravasio.it\/museo\/natale25\/#primaryimage"},"image":{"@id":"https:\/\/fondazioneravasio.it\/museo\/natale25\/#primaryimage"},"thumbnailUrl":"https:\/\/fondazioneravasio.it\/museo\/wp-content\/uploads\/sites\/2\/2024\/02\/20251224-chiusura-feste.png","datePublished":"2024-02-01T08:52:02+00:00","dateModified":"2025-12-24T10:24:51+00:00","author":{"@id":"https:\/\/fondazioneravasio.it\/museo\/#\/schema\/person\/bcf1592ce4c5117702e3131d943ebfbc"},"breadcrumb":{"@id":"https:\/\/fondazioneravasio.it\/museo\/natale25\/#breadcrumb"},"inLanguage":"it-IT","potentialAction":[{"@type":"ReadAction","target":["https:\/\/fondazioneravasio.it\/museo\/natale25\/"]}]},{"@type":"ImageObject","inLanguage":"it-IT","@id":"https:\/\/fondazioneravasio.it\/museo\/natale25\/#primaryimage","url":"https:\/\/fondazioneravasio.it\/museo\/wp-content\/uploads\/sites\/2\/2024\/02\/20251224-chiusura-feste.png","contentUrl":"https:\/\/fondazioneravasio.it\/museo\/wp-content\/uploads\/sites\/2\/2024\/02\/20251224-chiusura-feste.png","width":1080,"height":1350},{"@type":"BreadcrumbList","@id":"https:\/\/fondazioneravasio.it\/museo\/natale25\/#breadcrumb","itemListElement":[{"@type":"ListItem","position":1,"name":"Home","item":"https:\/\/fondazioneravasio.it\/museo\/"},{"@type":"ListItem","position":2,"name":"Chiusura natalizia Museo del Burattino"}]},{"@type":"WebSite","@id":"https:\/\/fondazioneravasio.it\/museo\/#website","url":"https:\/\/fondazioneravasio.it\/museo\/","name":"Museo del Burattino di Bergamo","description":"Un progetto realizzato grazie a Fondazione Benedetto Ravasio e Provincia di Bergamo","potentialAction":[{"@type":"SearchAction","target":{"@type":"EntryPoint","urlTemplate":"https:\/\/fondazioneravasio.it\/museo\/?s={search_term_string}"},"query-input":{"@type":"PropertyValueSpecification","valueRequired":true,"valueName":"search_term_string"}}],"inLanguage":"it-IT"},{"@type":"Person","@id":"https:\/\/fondazioneravasio.it\/museo\/#\/schema\/person\/bcf1592ce4c5117702e3131d943ebfbc","name":"Fondazione Ravasio","image":{"@type":"ImageObject","inLanguage":"it-IT","@id":"https:\/\/fondazioneravasio.it\/museo\/#\/schema\/person\/image\/","url":"https:\/\/secure.gravatar.com\/avatar\/3abfccdca0585dbc540eb5ae020e5e3c6b9d9ac15dc9f0c1af1824cf2da8fbcd?s=96&d=mm&r=g","contentUrl":"https:\/\/secure.gravatar.com\/avatar\/3abfccdca0585dbc540eb5ae020e5e3c6b9d9ac15dc9f0c1af1824cf2da8fbcd?s=96&d=mm&r=g","caption":"Fondazione Ravasio"},"sameAs":["Benedetto Ravasio"],"url":"https:\/\/fondazioneravasio.it\/museo\/author\/benedetto-ravasio\/"}]}},"_links":{"self":[{"href":"https:\/\/fondazioneravasio.it\/museo\/wp-json\/wp\/v2\/posts\/18075","targetHints":{"allow":["GET"]}}],"collection":[{"href":"https:\/\/fondazioneravasio.it\/museo\/wp-json\/wp\/v2\/posts"}],"about":[{"href":"https:\/\/fondazioneravasio.it\/museo\/wp-json\/wp\/v2\/types\/post"}],"author":[{"embeddable":true,"href":"https:\/\/fondazioneravasio.it\/museo\/wp-json\/wp\/v2\/users\/1"}],"replies":[{"embeddable":true,"href":"https:\/\/fondazioneravasio.it\/museo\/wp-json\/wp\/v2\/comments?post=18075"}],"version-history":[{"count":3,"href":"https:\/\/fondazioneravasio.it\/museo\/wp-json\/wp\/v2\/posts\/18075\/revisions"}],"predecessor-version":[{"id":18085,"href":"https:\/\/fondazioneravasio.it\/museo\/wp-json\/wp\/v2\/posts\/18075\/revisions\/18085"}],"wp:featuredmedia":[{"embeddable":true,"href":"https:\/\/fondazioneravasio.it\/museo\/wp-json\/wp\/v2\/media\/18083"}],"wp:attachment":[{"href":"https:\/\/fondazioneravasio.it\/museo\/wp-json\/wp\/v2\/media?parent=18075"}],"wp:term":[{"taxonomy":"category","embeddable":true,"href":"https:\/\/fondazioneravasio.it\/museo\/wp-json\/wp\/v2\/categories?post=18075"},{"taxonomy":"post_tag","embeddable":true,"href":"https:\/\/fondazioneravasio.it\/museo\/wp-json\/wp\/v2\/tags?post=18075"}],"curies":[{"name":"wp","href":"https:\/\/api.w.org\/{rel}","templated":true}]}}